{"id":4082,"date":"2024-10-24T14:18:46","date_gmt":"2024-10-24T14:18:46","guid":{"rendered":"https:\/\/vrtc.pt\/home\/?p=4082"},"modified":"2024-10-24T14:18:46","modified_gmt":"2024-10-24T14:18:46","slug":"vantagens-do-incentivo-base-territorial-para-micro-e-pequenas-empresas","status":"publish","type":"post","link":"https:\/\/vrtc.pt\/home\/2024\/10\/24\/vantagens-do-incentivo-base-territorial-para-micro-e-pequenas-empresas\/","title":{"rendered":"Vantagens do Incentivo Base Territorial para Micro e Pequenas Empresas"},"content":{"rendered":"\r\n<p>O desenvolvimento econ\u00f3mico local e regional depende cada vez mais do apoio a micro e pequenas empresas, que atuam diretamente na cria\u00e7\u00e3o de postos de trabalho, inova\u00e7\u00e3o e dinamismo econ\u00f3mico. Nesse sentido, o Incentivo Base Territorial tem-se revelado uma ferramenta potenciadora da competitividade das micro e pequenas empresas, proporcionando-lhes vantagens significativas no seu crescimento e sustentabilidade.<\/p>\r\n<p>Uma das principais vantagens do Incentivo Base Territorial \u00e9 que se destina a territ\u00f3rios de baixa densidade populacional. Atrav\u00e9s de um conjunto de apoios financeiros e fiscais, este incentivo visa reduzir as assimetrias no nosso territ\u00f3rio, traduzindo-se na possibilidade de instalar ou expandir os seus neg\u00f3cios em regi\u00f5es com menores custos operacionais, como os pre\u00e7os mais baixos de terrenos e instala\u00e7\u00f5es, assim como a redu\u00e7\u00e3o de custos de m\u00e3o de obra. Estas \u00e1reas beneficiam de incentivos fiscais relevantes, como a redu\u00e7\u00e3o de impostos sobre o rendimento e isen\u00e7\u00f5es em contribui\u00e7\u00f5es para a seguran\u00e7a social.<\/p>\r\n<p>Ao optar por localizar a sua empresa em zonas do interior, os empres\u00e1rios podem, usufruir de uma diminui\u00e7\u00e3o significativa dos seus encargos fixos, possibilitando maior margem de manobra financeira para investir na qualidade dos seus produtos ou servi\u00e7os e melhorar a sua competitividade.\u00a0<\/p>\r\n<p>Este apoio incentiva tamb\u00e9m a moderniza\u00e7\u00e3o e inova\u00e7\u00e3o das empresas, na medida em que oferece apoio financeiro direto, seja na forma de subs\u00eddios a fundo perdido ou de financiamento com condi\u00e7\u00f5es favor\u00e1veis, para projetos que envolvam a introdu\u00e7\u00e3o de novas tecnologias ou a melhoria dos processos produtivos, contribuindo para o aumento da sua produtividade e capacidade competitiva.<\/p>\r\n<p>Contempla tamb\u00e9m apoios para a forma\u00e7\u00e3o profissional, permitindo que os empres\u00e1rios e os seus colaboradores adquiram novas compet\u00eancias que reforcem as capacidades das equipas.<\/p>\r\n<p>Num mundo cada vez mais globalizado, a internacionaliza\u00e7\u00e3o \u00e9 um passo essencial para o crescimento de qualquer empresa, independentemente da sua dimens\u00e3o. O Incentivo Base Territorial reconhece esta necessidade e oferece apoios espec\u00edficos para a expans\u00e3o dos neg\u00f3cios a novos mercados internacionais, incluindo a participa\u00e7\u00e3o em feiras internacionais e tamb\u00e9m o desenvolvimento de estrat\u00e9gias de marketing e branding voltadas para o exterior. A internacionaliza\u00e7\u00e3o permite, n\u00e3o s\u00f3 diversificar a base de clientes, mas tamb\u00e9m reduzir a exposi\u00e7\u00e3o ao risco, ao permitir o desenvolvimento de mais do que um mercado para a viabilidade econ\u00f3mica do neg\u00f3cio.<\/p>\r\n<p>O programa fomenta ainda o investimento em solu\u00e7\u00f5es que promovam a efici\u00eancia energ\u00e9tica e a redu\u00e7\u00e3o da pegada ecol\u00f3gica das empresas. Assim, al\u00e9m de contribu\u00edrem para a sustentabilidade ambiental, as micro e pequenas empresas que adotam estas pr\u00e1ticas beneficiam de redu\u00e7\u00f5es significativas nos seus consumos energ\u00e9ticos.<\/p>\r\n<p>Empresas que investem em energia renov\u00e1vel, por exemplo, podem reduzir significativamente as suas despesas com eletricidade, posicionando-as como empresas mais verdes, um fator de crescente import\u00e2ncia junto dos consumidores e parceiros de neg\u00f3cios.<\/p>\r\n<p>Para que as micro e pequenas empresas possam usufruir plenamente dos benef\u00edcios oferecidos pelo Incentivo Base Territorial, \u00e9 essencial contar com o apoio de profissionais experientes no processo de candidatura. A V\u00e9rtice \u2013 Inova\u00e7\u00e3o e Digitaliza\u00e7\u00e3o especializa-se em apoiar empresas na prepara\u00e7\u00e3o e submiss\u00e3o das candidaturas ao Incentivo Base Territorial. Com uma equipa dedicada e conhecedora dos processos, a V\u00e9rtice garante que os empres\u00e1rios t\u00eam acesso a toda a informa\u00e7\u00e3o necess\u00e1ria e que as candidaturas s\u00e3o elaboradas com os mais altos padr\u00f5es de rigor, o que, em \u00faltima an\u00e1lise, \u00e9 fator de diferencia\u00e7\u00e3o que contribui para a sua viabilidade.<\/p>\r\n<p><a title=\"\" href=\"https:\/\/www.jornaldoave.pt\/vantagens-do-incentivo-base-territorial-para-micro-e-pequenas-empresas\/\" target=\"_blank\" rel=\"noopener sponsored\">Acede ao artigo completo aqui.<\/a><\/p>\r\n","protected":false},"excerpt":{"rendered":"<p>O desenvolvimento econ\u00f3mico local e regional depende cada vez mais do apoio a micro e pequenas empresas, que atuam diretamente na cria\u00e7\u00e3o de postos de trabalho, inova\u00e7\u00e3o e dinamismo econ\u00f3mico.<\/p>\n","protected":false},"author":3,"featured_media":4083,"comment_status":"open","ping_status":"open","sticky":false,"template":"","format":"standard","meta":{"_acf_changed":false,"_sitemap_exclude":false,"_sitemap_priority":"","_sitemap_frequency":"","footnotes":""},"categories":[28,10],"tags":[],"class_list":["post-4082","post","type-post","status-publish","format-standard","has-post-thumbnail","hentry","category-jornal-do-ave","category-noticias"],"acf":[],"aioseo_notices":[],"_links":{"self":[{"href":"https:\/\/vrtc.pt\/home\/wp-json\/wp\/v2\/posts\/4082","targetHints":{"allow":["GET"]}}],"collection":[{"href":"https:\/\/vrtc.pt\/home\/wp-json\/wp\/v2\/posts"}],"about":[{"href":"https:\/\/vrtc.pt\/home\/wp-json\/wp\/v2\/types\/post"}],"author":[{"embeddable":true,"href":"https:\/\/vrtc.pt\/home\/wp-json\/wp\/v2\/users\/3"}],"replies":[{"embeddable":true,"href":"https:\/\/vrtc.pt\/home\/wp-json\/wp\/v2\/comments?post=4082"}],"version-history":[{"count":0,"href":"https:\/\/vrtc.pt\/home\/wp-json\/wp\/v2\/posts\/4082\/revisions"}],"wp:featuredmedia":[{"embeddable":true,"href":"https:\/\/vrtc.pt\/home\/wp-json\/wp\/v2\/media\/4083"}],"wp:attachment":[{"href":"https:\/\/vrtc.pt\/home\/wp-json\/wp\/v2\/media?parent=4082"}],"wp:term":[{"taxonomy":"category","embeddable":true,"href":"https:\/\/vrtc.pt\/home\/wp-json\/wp\/v2\/categories?post=4082"},{"taxonomy":"post_tag","embeddable":true,"href":"https:\/\/vrtc.pt\/home\/wp-json\/wp\/v2\/tags?post=4082"}],"curies":[{"name":"wp","href":"https:\/\/api.w.org\/{rel}","templated":true}]}}