{"id":4576,"date":"2025-09-30T14:50:44","date_gmt":"2025-09-30T14:50:44","guid":{"rendered":"https:\/\/vrtc.pt\/home\/?p=4576"},"modified":"2025-09-30T14:50:44","modified_gmt":"2025-09-30T14:50:44","slug":"ific-o-novo-incentivo-do-prr-para-acelerar-a-competitividade-das-empresas","status":"publish","type":"post","link":"https:\/\/vrtc.pt\/home\/2025\/09\/30\/ific-o-novo-incentivo-do-prr-para-acelerar-a-competitividade-das-empresas\/","title":{"rendered":"IFIC: o novo incentivo do PRR para acelerar a competitividade das empresas"},"content":{"rendered":"\r\n<p><strong>IFIC: como aproveitar o novo incentivo do PRR para acelerar o crescimento<\/strong><\/p>\r\n<p>Portugal lan\u00e7ou o Instrumento Financeiro para a Inova\u00e7\u00e3o e Competitividade (IFIC), integrado no PRR, com o objetivo de impulsionar a competitividade empresarial atrav\u00e9s da moderniza\u00e7\u00e3o industrial, da transi\u00e7\u00e3o digital e ecol\u00f3gica e da valoriza\u00e7\u00e3o do conhecimento cient\u00edfico e tecnol\u00f3gico. Com dota\u00e7\u00e3o p\u00fablica dedicada e ambi\u00e7\u00e3o de mobilizar investimento privado, o programa foi concebido para acelerar projetos com retorno claro e alinhados com as prioridades estrat\u00e9gicas do pa\u00eds, encurtando o tempo entre decis\u00e3o e execu\u00e7\u00e3o e promovendo impacto mensur\u00e1vel em produtividade, inova\u00e7\u00e3o e internacionaliza\u00e7\u00e3o.<\/p>\r\n<p><strong>O que o IFIC pode fazer pela sua empresa<\/strong><\/p>\r\n<p>O IFIC foi pensado para organiza\u00e7\u00f5es que ambicionam modernizar opera\u00e7\u00f5es e crescer de forma sustent\u00e1vel. Na pr\u00e1tica, permite incorporar tecnologias emergentes, incluindo intelig\u00eancia artificial, automatizar processos de ponta a ponta, refor\u00e7ar a integra\u00e7\u00e3o de dados ao longo da cadeia de valor e acelerar a digitaliza\u00e7\u00e3o comercial. Para empresas e startups com base cient\u00edfica, o instrumento cria uma via concreta para converter I&amp;D em neg\u00f3cio, estruturando a passagem da valida\u00e7\u00e3o tecnol\u00f3gica para a industrializa\u00e7\u00e3o e para a expans\u00e3o em novos mercados.<\/p>\r\n<p><strong>Onde o seu projeto se pode enquadrar<\/strong><\/p>\r\n<p>O programa organiza-se em quatro linhas estrat\u00e9gicas que cobrem o espectro de necessidades de investimento. A linha de Reindustrializa\u00e7\u00e3o privilegia a qualifica\u00e7\u00e3o da base industrial e o aumento do valor acrescentado, refor\u00e7ando as liga\u00e7\u00f5es ao sistema cient\u00edfico e tecnol\u00f3gico e consolidando cadeias de fornecimento. A vertente de IA nas PME foca a ado\u00e7\u00e3o de casos de uso com retorno operacional comprovado, como redu\u00e7\u00e3o de lead time, melhoria do OEE, diminui\u00e7\u00e3o de rejei\u00e7\u00f5es e otimiza\u00e7\u00e3o de custos, assegurando integra\u00e7\u00e3o no ecossistema de sistemas da empresa e escalabilidade. No eixo da Economia de Defesa e Seguran\u00e7a, o apoio dirige-se a projetos de dupla utiliza\u00e7\u00e3o, a processos de certifica\u00e7\u00e3o e ao alinhamento com tecnologias cr\u00edticas europeias, promovendo resili\u00eancia, seguran\u00e7a e soberania tecnol\u00f3gica. Por fim, o Ecossistema Deep Tech orienta-se para startups cient\u00edfico-tecnol\u00f3gicas, combinando programas de acelera\u00e7\u00e3o e mecanismos de coinvestimento para validar, industrializar e preparar a entrada no mercado.<\/p>\r\n<p><strong>Benefici\u00e1rios e \u00e2mbito geogr\u00e1fico<\/strong><\/p>\r\n<p>Podem candidatar-se micro, pequenas, m\u00e9dias e grandes empresas, startups deep tech e centros de excel\u00eancia, com regras espec\u00edficas ajustadas a cada eixo. Os projetos s\u00e3o eleg\u00edveis nas regi\u00f5es NUTS II do continente \u2014 Norte, Centro, Lisboa, Alentejo e Algarve \u2014, respeitando as nuances e prioridades definidas para cada tipologia de interven\u00e7\u00e3o e garantindo a coer\u00eancia com as estrat\u00e9gias regionais e setoriais.<\/p>\r\n<p><strong>Modalidades de financiamento<\/strong><\/p>\r\n<p>O IFIC combina subven\u00e7\u00f5es a fundo perdido, instrumentos de capital e quase capital e financiamento reembols\u00e1vel. Esta arquitetura permite calibrar a estrutura financeira do investimento conforme o perfil de risco, a maturidade tecnol\u00f3gica e o calend\u00e1rio de execu\u00e7\u00e3o. As subven\u00e7\u00f5es s\u00e3o definidas em cada Aviso de Concurso, os instrumentos de capital e quase capital viabilizam a acelera\u00e7\u00e3o do crescimento e a redu\u00e7\u00e3o do time-to-market, e o financiamento reembols\u00e1vel cobre componentes n\u00e3o eleg\u00edveis e pode ser articulado com linhas do Banco Portugu\u00eas de Fomento para maximizar alavancagem e efici\u00eancia do custo de capital.<\/p>\r\n<p>&nbsp;<\/p>\r\n<p>A V\u00e9rtice acompanha a sua empresa em todo o ciclo do IFIC: desde o diagn\u00f3stico e a defini\u00e7\u00e3o da tese de investimento, \u00e0 estrutura\u00e7\u00e3o t\u00e9cnico-financeira do projeto (subven\u00e7\u00e3o, coinvestimento e d\u00edvida) e prepara\u00e7\u00e3o integral do dossi\u00ea de candidatura.<\/p>\r\n","protected":false},"excerpt":{"rendered":"<p>O desenvolvimento econ\u00f3mico local e regional depende cada vez mais do apoio a micro e pequenas empresas, que atuam diretamente na cria\u00e7\u00e3o de postos de trabalho, inova\u00e7\u00e3o e dinamismo econ\u00f3mico.<\/p>\n","protected":false},"author":3,"featured_media":0,"comment_status":"open","ping_status":"open","sticky":false,"template":"","format":"standard","meta":{"_acf_changed":false,"_sitemap_exclude":false,"_sitemap_priority":"","_sitemap_frequency":"","footnotes":""},"categories":[10],"tags":[],"class_list":["post-4576","post","type-post","status-publish","format-standard","hentry","category-noticias"],"acf":[],"aioseo_notices":[],"_links":{"self":[{"href":"https:\/\/vrtc.pt\/home\/wp-json\/wp\/v2\/posts\/4576","targetHints":{"allow":["GET"]}}],"collection":[{"href":"https:\/\/vrtc.pt\/home\/wp-json\/wp\/v2\/posts"}],"about":[{"href":"https:\/\/vrtc.pt\/home\/wp-json\/wp\/v2\/types\/post"}],"author":[{"embeddable":true,"href":"https:\/\/vrtc.pt\/home\/wp-json\/wp\/v2\/users\/3"}],"replies":[{"embeddable":true,"href":"https:\/\/vrtc.pt\/home\/wp-json\/wp\/v2\/comments?post=4576"}],"version-history":[{"count":0,"href":"https:\/\/vrtc.pt\/home\/wp-json\/wp\/v2\/posts\/4576\/revisions"}],"wp:attachment":[{"href":"https:\/\/vrtc.pt\/home\/wp-json\/wp\/v2\/media?parent=4576"}],"wp:term":[{"taxonomy":"category","embeddable":true,"href":"https:\/\/vrtc.pt\/home\/wp-json\/wp\/v2\/categories?post=4576"},{"taxonomy":"post_tag","embeddable":true,"href":"https:\/\/vrtc.pt\/home\/wp-json\/wp\/v2\/tags?post=4576"}],"curies":[{"name":"wp","href":"https:\/\/api.w.org\/{rel}","templated":true}]}}